{"id":2798,"date":"2016-12-18T17:16:23","date_gmt":"2016-12-18T16:16:23","guid":{"rendered":"http:\/\/www.burgenkunde.at\/wordpress\/?p=2798"},"modified":"2017-01-11T00:23:32","modified_gmt":"2017-01-10T23:23:32","slug":"klamhof-in-pergkirchen-ooe","status":"publish","type":"post","link":"http:\/\/www.burgenkunde.at\/wordpress\/2016\/12\/18\/klamhof-in-pergkirchen-ooe\/","title":{"rendered":"Klamhof in Pergkirchen O\u00d6"},"content":{"rendered":"<div id=\"attachment_2736\" style=\"width: 710px\" class=\"wp-caption alignleft\"><img aria-describedby=\"caption-attachment-2736\" loading=\"lazy\" class=\"wp-image-2355 size-full\" src=\"http:\/\/www.burgenkunde.at\/wordpress\/wp-content\/uploads\/2016\/12\/Klamhof_Ooe_003-1024x680.jpg\" alt=\"Klamhof in Pergkirchen Ober&ouml;sterreich\" width=\"700\" height=\"465\"><p id=\"caption-attachment-2736\" class=\"wp-caption-text\"><strong><em>Die niedrige, unverputzte Mauer hinter den kleineren Obstb&auml;umen links unten ist lt. den heutigen Besitzern der &auml;lteste Teil der Anlage.<\/em><\/strong><\/p><\/div>\n<h2>Der Klamhof in Pergkirchen<\/h2>\n<p>Die Geschichte des Klamhof in Pergkirchen reicht weit in die Vergangenheit&nbsp;zur&uuml;ck. Der Hof liegt etwas erh&ouml;ht auf einer Niederterrasse &uuml;ber den einstigen Augebieten &ouml;stlich von Perg am linken Donauufer. Das hier schon immer gerne gesiedelt wurde, zeigt das Gr&auml;berfeld ca 200 m n&ouml;rdlich des Klamhofes. Die &auml;ltesten Mauern an der S&uuml;dostseite sollen lt. den Besitzern gar in die&nbsp;Zeit um 1000 n.Chr. zur&uuml;ckreichen. Sie hatten an der Au&szlig;enseite bis vor kurzem (zumindest zwei) querstehende Schlitzscharten, wobei eine davon leider bei Sicherungsarbeiten vom Bagger angefahren wurde und verloren ging. Die zweite konnte aber erhalten werden. An der dem geschlossenen Innenhof zugewandten Innenmauer hat sich ein ebenerdiger Abgang in den Keller, ein heute ca. 1 Meter &uuml;ber Bodenniveau liegender rundbogiger Einstieg und mehrere kleinere Fenster&ouml;ffnungen erhalten. Die Ausbuchtungen an den Steingew&auml;nden der beiden Portale stammen lt. den Besitzern vom Durchrollen gro&szlig;er Mostf&auml;sser. Dieses Geb&auml;ude war lange als &bdquo;Troadkasten&ldquo; (Getreidespeicher) in Verwendung. Da es als &auml;ltester Teil des Hofes galt, wollten die Besitzer diesen Teil unbedingt erhalten und verfugten das Mauerwerk neu, gruben den Hang ab und setzten die alten originalen Eisenbeschl&auml;ge an neue T&uuml;ren. Die Lage am Hang war auch der Grund, warum in diesem &auml;ltesten Teil des Hofes der Abgang rechts tiefer angelegt wurde als das Tor links.<\/p>\n<p>Der Auskunft der Besitzer, nachdem dies die &auml;ltesten Mauerreste am Klamhof sind, steht eine Abbildung gegen&uuml;ber, die die damals noch unverputzte Nordecke des Vierkanters zeigt und folgenderma&szlig;en beschreibt: <em>&bdquo;Gedrungener 4eck. Turmbau, der in den 20er Jahren<\/em> (des 20. Jhdts. Anm.)<em> auf Firsth&ouml;he des heutigen Landwirtschaftshofes abgetragen und in diesen eingebunden wurde; noch deutlich erkennbare Naht im Steinmauerwerk.&ldquo;<\/em>&nbsp;Quelle: Burgen und Schl&ouml;sser in Ober&ouml;sterreich, Herbert Erich Baumert &amp; Georg Gr&uuml;ll, 1988 Birken-Verlag\/Wien.<\/p>\n<p>Auf dem alten SW-Bild ist&nbsp;sorgf&auml;ltig geschichtetes Steinblo&szlig;mauerwerk zu sehen, mit an der Ecke zugeschlagenen, quaderhaften und teils ca. 1 m langen Steinen. Die T&uuml;r- und Fenster&ouml;ffnungen wurden sp&auml;ter ausgebrochen und mit Ziegeln wieder verf&uuml;llt.<\/p>\n<p>Norbert Grabherr weis in seinem Burgenf&uuml;hrer auf Seite 263 zu berichten, das der Turm um fast eine Gescho&szlig;h&ouml;he abgetragen wurde, um ihn in das Dach des Hofes einzubinden. Abgesehen von der auch von Grabherr genannten deutlichen Mauernaht, sei dieser Turmstumpf auch noch an den Fenster&ouml;ffnungen erkennbar gewesen.<\/p>\n<p>Die &auml;ltesten urkundlichen Nennungen zum Klamhof blieben aus der Zeit um 1400 erhalten. Ein Martin der Chlammer hatte diesen Sitz von den Herren von Maissau zu Lehen. Ihm folgte Martin Steinberger, der 1434 den Hof allerdings als landesf&uuml;rstliches Lehen besa&szlig; und in den Klamhof als Erbe 1455 an &bdquo;<em>Affra, weilent Mert Stainperger sel. Tochter&ldquo;<\/em> weitergab. Allerdings war die Schreibweise hier (lt. Grabherr) als ein <em>&bdquo;sicz am Klainhof&ldquo;<\/em>. Seit 1491 geh&ouml;rte der <em>&bdquo;sicz am Klamhof in der Pergkircher pharr&ldquo;<\/em> zum Gutsbestand der Herrschaft Windhaag.<\/p>\n<div id=\"attachment_3087\" style=\"width: 710px\" class=\"wp-caption alignleft\"><img aria-describedby=\"caption-attachment-3087\" loading=\"lazy\" class=\"size-large wp-image-3087\" src=\"http:\/\/www.burgenkunde.at\/wordpress\/wp-content\/uploads\/2017\/01\/Klamhof_Reproduktion-1024x690.jpg\" alt=\"Reproduktion Klamhof in Pergkirchen Ober&ouml;sterreich\" width=\"700\" height=\"472\" srcset=\"http:\/\/www.burgenkunde.at\/wordpress\/wp-content\/uploads\/2017\/01\/Klamhof_Reproduktion-1024x690.jpg 1024w, http:\/\/www.burgenkunde.at\/wordpress\/wp-content\/uploads\/2017\/01\/Klamhof_Reproduktion-300x202.jpg 300w, http:\/\/www.burgenkunde.at\/wordpress\/wp-content\/uploads\/2017\/01\/Klamhof_Reproduktion-768x518.jpg 768w, http:\/\/www.burgenkunde.at\/wordpress\/wp-content\/uploads\/2017\/01\/Klamhof_Reproduktion.jpg 1200w\" sizes=\"(max-width: 700px) 100vw, 700px\"><p id=\"caption-attachment-3087\" class=\"wp-caption-text\"><strong><em>Die reproduzierte Aufnahme zeigt den nordlichen Eckverband mit den gro&szlig;en Quadersteinen. Die Fenster- und T&uuml;r&ouml;ffnungen wurden nachtr&auml;glich ausgebrochen.<\/em><\/strong><\/p><\/div>\n<p>&nbsp;<\/p>\n<p><strong>Die Besitzerin, Fr. Kaindl, stellte dankenswerter weise eine Besitzerliste zur Verf&uuml;gung:<\/strong><br>\num 1400 &nbsp; &nbsp; &nbsp; &nbsp; &nbsp; &nbsp; &nbsp; &nbsp; &nbsp; &nbsp; &nbsp; &nbsp; &nbsp;Chlammer Martin<br>\nbis 1455 &nbsp; &nbsp; &nbsp; &nbsp; &nbsp; &nbsp; &nbsp; &nbsp; &nbsp; &nbsp; &nbsp; &nbsp; &nbsp;Stainberger Martin und Barbara<br>\n25.04.1455 &nbsp; &nbsp; &nbsp; &nbsp; &nbsp; &nbsp; &nbsp; &nbsp; &nbsp; &nbsp; Stainberger Wenzel<br>\n20.09.1455 &nbsp; &nbsp; &nbsp; &nbsp; &nbsp; &nbsp; &nbsp; &nbsp; &nbsp; &nbsp; Perkhaimer Wolfgang<br>\nbis 1494 &nbsp; &nbsp; &nbsp; &nbsp; &nbsp; &nbsp; &nbsp; &nbsp; &nbsp; &nbsp; &nbsp; &nbsp; H&auml;ckinger Wolfgang und Affra<br>\nab 1494 &nbsp; &nbsp; &nbsp; &nbsp; &nbsp; &nbsp; &nbsp; &nbsp; &nbsp; &nbsp; &nbsp; &nbsp; &nbsp;La&szlig;la Prager, Freiherr von Windhaag<br>\n1613 &nbsp; &nbsp; &nbsp; &nbsp; &nbsp; &nbsp; &nbsp; &nbsp; &nbsp; &nbsp; &nbsp; &nbsp; &nbsp; &nbsp; &nbsp; Puchberger Hans, Gutsverwalter der Herrschaft Windhaag<br>\n1617 &nbsp; &nbsp; &nbsp; &nbsp; &nbsp; &nbsp; &nbsp; &nbsp; &nbsp; &nbsp; &nbsp; &nbsp; &nbsp; &nbsp; &nbsp;Fr&ouml;schl Hans und Susanne, Gutsverwalter&nbsp;<br>\n23.11.1624 &ndash; ? &nbsp; &nbsp; &nbsp; &nbsp; &nbsp; &nbsp; &nbsp; Steirer Michael und Salome<br>\nbis 23.06.1665 &nbsp; &nbsp; &nbsp; &nbsp; &nbsp; &nbsp; &nbsp;&nbsp;Steirer Michael und Rosina<br>\n23.06.1665 bis 14.06.1685 &nbsp; &nbsp; &nbsp; &nbsp;Steirer&nbsp;Jakob und Magdalena<br>\n14.06.1685 bis 20.04.1733 &nbsp; &nbsp; &nbsp; &nbsp;Schwaiger Paul und Eva<br>\n20.04.1733 bis 12.07.1735&nbsp; &nbsp; &nbsp; &nbsp; Schwaiger Georg und Maria<br>\n12.07.1735 bis 31.12.1750 &nbsp; &nbsp; &nbsp; &nbsp;Schwaiger Georg und Anna<br>\n31.12.1750 bis 27.04.1774 &nbsp; &nbsp; &nbsp; &nbsp;Hanl Simon und Maria Anna<br>\n27.04.1774 bis 21.05.1787 &nbsp; &nbsp; &nbsp; &nbsp;Hanl Simon und Elisabeth<br>\n21.05.1787 bis 28.12.1814 &nbsp; &nbsp; &nbsp; &nbsp;Kranzl Michael und Elisabeth<br>\n28.12.1814 bis 16.11.1822 &nbsp; &nbsp; &nbsp; &nbsp;Kranzl Michael<br>\n16.11.1822 bis 18.10.1862 &nbsp; &nbsp; &nbsp; &nbsp;Kranzl Johann<br>\n18.10.1862 bis 23.04.1896 &nbsp; &nbsp; &nbsp; &nbsp;Kranzl Johann und Magdalena<br>\n23.04.1896 bis 11.02.1915 &nbsp; &nbsp; &nbsp; &nbsp;Kranzl Georg und Maria<br>\n11.02.1915 bis 04.11.1931 &nbsp; &nbsp; &nbsp; &nbsp;Kranzl Maria<br>\n04.11.1931 bis 23.06.1966 &nbsp; &nbsp; &nbsp; &nbsp;Kranzl Georg und Anna Maria<br>\n23.06.1966 bis 04.11.1999 &nbsp; &nbsp; &nbsp; &nbsp;Rohrleitner-Kranzl Georg und Anna<br>\n04.11.1999 bis heute &nbsp; &nbsp; &nbsp; &nbsp; &nbsp; &nbsp; &nbsp; &nbsp; Kaindl Johann und Christine<\/p>\n<p>Der Klamhof ist heute ein idealer Ort in Perg-Umgebung, um in einer entspannten, famili&auml;ren Atmosph&auml;re private Feste zu feiern oder Seminare abzuhalten. Das bei Renovierungsarbeiten freigelegte Ziegelgew&ouml;lbe wurde modern ausgestattet (K&uuml;chenzeile mit K&uuml;hlschrank, E-Herd&nbsp;und&nbsp;Geschirrsp&uuml;ler, Heizofen, behindertengerechtes WC etc.) und bietet f&uuml;r ca. 20- 25&nbsp;Personen ausreichend Platz. F&uuml;r diese Personenanzahl steht Geschirr, E&szlig;besteck, Tischw&auml;sche und Kaffeemaschine zur Verf&uuml;gung. Zus&auml;tzlich befinden sich ein moderner Beamer und eine Leinwand im Seminarraum. Bei Bedarf steht zus&auml;tzlich auch der gro&szlig;z&uuml;gige Innenhof zur Verf&uuml;gung.<\/p>\n<p>&nbsp;<\/p>\n<p><strong>Kontakt:<\/strong><br>\nFamilie Kaindl<br>\nAuhof 7<br>\n4320&nbsp;Perg<br>\nEmail: <a href=\"chkaindl@gmx.at\">chkaindl@gmx.at<\/a><br>\nTel.: +43 (0) 7262 53 613<br>\nMobil: +43 (0) 650 \/ 34 674 60 oder +43 (0) 650 \/ 34 772 59<\/p>\n<p>&nbsp;<\/p>\n<p><strong>Quellen:<\/strong><\/p>\n<ul><li>Burgen und Schl&ouml;sser in Ober&ouml;sterreich, S. 153, Herbert Erich Baumert &amp; Georg Gr&uuml;ll, 1988 Birken-Verlag\/Wien.<\/li>\n<li>Burgen und Schl&ouml;sser in Ober&ouml;sterreich, S. 263, Norbert Grabherr, 1970 O&Ouml; Landesverlag.<\/li>\n<\/ul><p>&nbsp;<\/p>\n<p><iframe loading=\"lazy\" style=\"border: 0;\" src=\"https:\/\/www.google.com\/maps\/embed?pb=!1m23!1m12!1m3!1d5314.61200161739!2d14.661478599621244!3d48.23923666216803!2m3!1f0!2f0!3f0!3m2!1i1024!2i768!4f13.1!4m8!3e6!4m0!4m5!1s0x4773b240f500abb7%3A0xc8d4cb1c72d24469!2sAuhof+7%2C+4320+Auhof!3m2!1d48.239229599999994!2d14.665866699999999!5e0!3m2!1sde!2sat!4v1482069865314\" allowfullscreen=\"allowfullscreen\" width=\"600\" height=\"450\" frameborder=\"0\"><\/iframe><\/p>\n<p>&nbsp;<\/p>\n<h2>Das Gr&auml;berfeld beim&nbsp;Klamhof<\/h2>\n<p>Nur rd. 500 m vom Klamhof entfernt wurde in den 1960er Jahren ein Gr&auml;berfeld ausgegraben. Die Grabbeigaben (<a href=\"http:\/\/othes.univie.ac.at\/25693\/1\/2013-01-31_9305620.pdf\" target=\"_blank\">Siehe Seite 13+14<\/a>) werden im Linzer Landesmuseum aufbewahrt und zuerst in das 8., sp&auml;ter jedoch in das 10. Jhdt. n. Chr. datiert. Ging man zuerst von einem Bajuwarischen Gr&auml;berfeld aus, so wurde auch das nachher korrigiert und die Forschung vermutete eine fr&uuml;hdeutsche Bev&ouml;lkerung mit slawischen Wurzeln. Das&nbsp;Skelett im Grab 37 besa&szlig;&nbsp;eine kn&ouml;cherne, f&uuml;r die damalige Zeit nicht als mitteleurop&auml;isch zu bezeichnende Nase.<\/p>\n<p>Entdeckt und erkannt wurde die Nekropole als Gr&auml;berfeld erst im Jahre 1965, nach dem zw. 1920 bis 1960 bei der Feldbestellung immer wieder (zumindest 27) Gr&auml;ber angetroffen und zerst&ouml;rt wurden. Die gr&ouml;&szlig;eren Knochenst&uuml;cke kamen auf den Friedhof von Pergkirchen. Die ausgeackerten Tonscherben wurden vom Schulleiter von Pergkirchen gesammelt und an Dr. Gustav Brachmann weitergeleitet. Ein 1940 geborgenes Skelett samt Grabbeigaben&nbsp;eines 14-j&auml;hrigen Knaben kam ins Perger Heimathaus und ist&nbsp;seitdem verschollen. Auch 1947 wurden wieder Gr&auml;ber angeackert und die geborgenen Relikte ins O&Ouml; Landesmuseum &uuml;berstellt. &nbsp;Die gro&szlig;fl&auml;chige Freilegung des Gr&auml;berfeldes erfolgte in den Jahren ab 1965 unter Univ. Prof. Dr. &Auml;milian Kloiber (1910-1989) vom O&Ouml; Landesmuseum mit f&uuml;r heutige Verh&auml;ltnisse einfachste Hilfsmittel. Dies gelang, da die&nbsp;Bev&ouml;lkerung regen Anteil nahm an den Grabungs- und Bergungsarbeiten. Allen voran der Landwirt Georg Trauner-Sch&uuml;tzeneder, vulgo Edhofer (1900-1974), der bereits in den 1930er Jahren auf einem seiner Felder jungsteinzeitliche Artefakte beim Ackern fand. So fanden sich Mitte der 1960er Jahre heimatkundliche interessierte Perger B&uuml;rger zu informellen Gespr&auml;chsrunden, woraus sp&auml;ter der Perger Heimatverein entstand.<\/p>\n<p>Interessant ist zudem, das bei den Freilegungsarbeiten des Gr&auml;berfeldes ein T&ouml;pferofen aus dem Mittelalter zutage kam&nbsp;und freigelegt wurde. Es wird vermutet, das der Ofen samt&nbsp;T&ouml;pferwerkstatt mit dem nahen Klamhof in Verbindung stand. Es liegt nahe, das hier f&uuml;r den Eigengebrauch im Rahmen kleinr&auml;umig strukturiertem, grundherrschaftlich gebundenem Handwerk nachgegangen wurde.<\/p>\n<p>Quellen:<\/p>\n<ul><ul><li><a href=\"http:\/\/www.zobodat.at\/pdf\/JOM_111_0278-0287.pdf\" target=\"_blank\">Der fr&uuml;hmittelalterliche Bestattungsplatz in Auhof, O&Ouml;, &Auml;milian Kloiber<\/a><\/li>\n<li><a href=\"http:\/\/vias-arch.univie.ac.at\/fileadmin\/user_upload\/p_vias-arch\/Scharrer_--_Mittelalterliche_T%C3%B6pfer%C3%B6fen_im_%C3%B6sterreichischen_Donauraum_und_der_Strukturwandel_in_der_Keramikherstellung__2__01.pdf\" target=\"_blank\">Der keramische Brand, Uwe M&auml;mpel &amp; Werner Endres, Verlag Hanusch &amp; Ecker<\/a><\/li>\n<li><a href=\"http:\/\/publikationen-pergmuseum.blogspot.co.at\/2014\/10\/der-lange-weg-zum-museumsgutesiegel.html\" target=\"_blank\">Der lange Weg zum Museumsg&uuml;tesiegel, Heimatmuseum Perg<\/a><\/li>\n<\/ul><\/ul><p>&nbsp;<\/p>\n<!-- index.php -->\n<div\n\tclass=\"ngg-galleryoverview ngg-ajax-pagination-none\"\n\tid=\"ngg-gallery-69c94f0ae13285f4e39ae08e0e019dc2-1\">\n\n    \t<div class=\"slideshowlink\">\n        <a href='http:\/\/www.burgenkunde.at\/wordpress\/2016\/12\/18\/klamhof-in-pergkirchen-ooe\/nggallery\/slideshow'>&#091;Zeige eine Slideshow&#093;<\/a>\n\t\t\n\t<\/div>\n\t\t\t<!-- Thumbnails -->\n\t\t\t\t<div id=\"ngg-image-0\" class=\"ngg-gallery-thumbnail-box\" >\n\t\t\t\t        <div class=\"ngg-gallery-thumbnail\">\n            <a href=\"http:\/\/www.burgenkunde.at\/wordpress\/wp-content\/gallery\/klamhof_ooe\/Klamhof_Ooe_002.jpg\"\n               title=\"Innenhof des Klamhof. Rechts der Bildmitte die \u00e4ltesten Teile der Anlage.\"\n               data-src=\"http:\/\/www.burgenkunde.at\/wordpress\/wp-content\/gallery\/klamhof_ooe\/Klamhof_Ooe_002.jpg\"\n               data-thumbnail=\"http:\/\/www.burgenkunde.at\/wordpress\/wp-content\/gallery\/klamhof_ooe\/thumbs\/thumbs_Klamhof_Ooe_002.jpg\"\n               data-image-id=\"744\"\n               data-title=\"Innenhof des Klamhof. Rechts der Bildmitte die \u00e4ltesten Teile der Anlage.\"\n               data-description=\"Innenhof des Klamhof. Rechts der Bildmitte die \u00e4ltesten Teile der Anlage.\"\n               data-image-slug=\"klamhof_ooe_002\"\n               class=\"ngg-fancybox\" rel=\"69c94f0ae13285f4e39ae08e0e019dc2\">\n                <img\n                    title=\"Innenhof des Klamhof. Rechts der Bildmitte die \u00e4ltesten Teile der Anlage.\"\n                    alt=\"Innenhof des Klamhof. Rechts der Bildmitte die \u00e4ltesten Teile der Anlage.\"\n                    src=\"http:\/\/www.burgenkunde.at\/wordpress\/wp-content\/gallery\/klamhof_ooe\/thumbs\/thumbs_Klamhof_Ooe_002.jpg\"\n                    width=\"240\"\n                    height=\"160\"\n                    style=\"max-width:100%;\"\n                \/>\n            <\/a>\n        <\/div>\n\t\t\t\t\t\t\t<\/div> \n\t\t\t\n                            \n\t\t\t\t<div id=\"ngg-image-1\" class=\"ngg-gallery-thumbnail-box\" >\n\t\t\t\t        <div class=\"ngg-gallery-thumbnail\">\n            <a href=\"http:\/\/www.burgenkunde.at\/wordpress\/wp-content\/gallery\/klamhof_ooe\/Klamhof_Ooe_003.jpg\"\n               title=\"Die niedrige, unverputzte Mauer hinter den kleineren Obstb\u00e4umen links unten ist lt. den heutigen Besitzern der \u00e4lteste Teil der Anlage.\"\n               data-src=\"http:\/\/www.burgenkunde.at\/wordpress\/wp-content\/gallery\/klamhof_ooe\/Klamhof_Ooe_003.jpg\"\n               data-thumbnail=\"http:\/\/www.burgenkunde.at\/wordpress\/wp-content\/gallery\/klamhof_ooe\/thumbs\/thumbs_Klamhof_Ooe_003.jpg\"\n               data-image-id=\"745\"\n               data-title=\"Die niedrige, unverputzte Mauer hinter den kleineren Obstb\u00e4umen links unten ist lt. den heutigen Besitzern der \u00e4lteste Teil der Anlage.\"\n               data-description=\"Die niedrige, unverputzte Mauer hinter den kleineren Obstb\u00e4umen links unten ist lt. den heutigen Besitzern der \u00e4lteste Teil der Anlage.\"\n               data-image-slug=\"klamhof_ooe_003\"\n               class=\"ngg-fancybox\" rel=\"69c94f0ae13285f4e39ae08e0e019dc2\">\n                <img\n                    title=\"Die niedrige, unverputzte Mauer hinter den kleineren Obstb\u00e4umen links unten ist lt. den heutigen Besitzern der \u00e4lteste Teil der Anlage.\"\n                    alt=\"Die niedrige, unverputzte Mauer hinter den kleineren Obstb\u00e4umen links unten ist lt. den heutigen Besitzern der \u00e4lteste Teil der Anlage.\"\n                    src=\"http:\/\/www.burgenkunde.at\/wordpress\/wp-content\/gallery\/klamhof_ooe\/thumbs\/thumbs_Klamhof_Ooe_003.jpg\"\n                    width=\"240\"\n                    height=\"160\"\n                    style=\"max-width:100%;\"\n                \/>\n            <\/a>\n        <\/div>\n\t\t\t\t\t\t\t<\/div> \n\t\t\t\n                                    <br style=\"clear: both\" \/>\n                    \n\t\t\t\t<div id=\"ngg-image-2\" class=\"ngg-gallery-thumbnail-box\" >\n\t\t\t\t        <div class=\"ngg-gallery-thumbnail\">\n            <a href=\"http:\/\/www.burgenkunde.at\/wordpress\/wp-content\/gallery\/klamhof_ooe\/Klamhof_Ooe_004.jpg\"\n               title=\"Sie beginnt beim, direkt an den gelb gestrichenen Bau aus dem 18.\/19. Jhdt. angebauten, Zugang zum Innenhof.\"\n               data-src=\"http:\/\/www.burgenkunde.at\/wordpress\/wp-content\/gallery\/klamhof_ooe\/Klamhof_Ooe_004.jpg\"\n               data-thumbnail=\"http:\/\/www.burgenkunde.at\/wordpress\/wp-content\/gallery\/klamhof_ooe\/thumbs\/thumbs_Klamhof_Ooe_004.jpg\"\n               data-image-id=\"746\"\n               data-title=\"Sie beginnt beim, direkt an den gelb gestrichenen Bau aus dem 18.\/19. Jhdt. angebauten, Zugang zum Innenhof.\"\n               data-description=\"Sie beginnt beim, direkt an den gelb gestrichenen Bau aus dem 18.\/19. Jhdt. angebauten, Zugang zum Innenhof.\"\n               data-image-slug=\"klamhof_ooe_004\"\n               class=\"ngg-fancybox\" rel=\"69c94f0ae13285f4e39ae08e0e019dc2\">\n                <img\n                    title=\"Sie beginnt beim, direkt an den gelb gestrichenen Bau aus dem 18.\/19. Jhdt. angebauten, Zugang zum Innenhof.\"\n                    alt=\"Sie beginnt beim, direkt an den gelb gestrichenen Bau aus dem 18.\/19. Jhdt. angebauten, Zugang zum Innenhof.\"\n                    src=\"http:\/\/www.burgenkunde.at\/wordpress\/wp-content\/gallery\/klamhof_ooe\/thumbs\/thumbs_Klamhof_Ooe_004.jpg\"\n                    width=\"240\"\n                    height=\"160\"\n                    style=\"max-width:100%;\"\n                \/>\n            <\/a>\n        <\/div>\n\t\t\t\t\t\t\t<\/div> \n\t\t\t\n                            \n\t\t\t\t<div id=\"ngg-image-3\" class=\"ngg-gallery-thumbnail-box\" >\n\t\t\t\t        <div class=\"ngg-gallery-thumbnail\">\n            <a href=\"http:\/\/www.burgenkunde.at\/wordpress\/wp-content\/gallery\/klamhof_ooe\/Klamhof_Ooe_005.jpg\"\n               title=\"Nochmal der Zugang zum Innenhof, an dem die alte Mauer beginnt. Das hier das Bodenniveau einst niedriger lag, davon zeugen die viel zu tief liegenden Fenster.\"\n               data-src=\"http:\/\/www.burgenkunde.at\/wordpress\/wp-content\/gallery\/klamhof_ooe\/Klamhof_Ooe_005.jpg\"\n               data-thumbnail=\"http:\/\/www.burgenkunde.at\/wordpress\/wp-content\/gallery\/klamhof_ooe\/thumbs\/thumbs_Klamhof_Ooe_005.jpg\"\n               data-image-id=\"747\"\n               data-title=\"Nochmal der Zugang zum Innenhof, an dem die alte Mauer beginnt. Das hier das Bodenniveau einst niedriger lag, davon zeugen die viel zu tief liegenden Fenster.\"\n               data-description=\"Nochmal der Zugang zum Innenhof, an dem die alte Mauer beginnt. Das hier das Bodenniveau einst niedriger lag, davon zeugen die viel zu tief liegenden Fenster.\"\n               data-image-slug=\"klamhof_ooe_005\"\n               class=\"ngg-fancybox\" rel=\"69c94f0ae13285f4e39ae08e0e019dc2\">\n                <img\n                    title=\"Nochmal der Zugang zum Innenhof, an dem die alte Mauer beginnt. Das hier das Bodenniveau einst niedriger lag, davon zeugen die viel zu tief liegenden Fenster.\"\n                    alt=\"Nochmal der Zugang zum Innenhof, an dem die alte Mauer beginnt. Das hier das Bodenniveau einst niedriger lag, davon zeugen die viel zu tief liegenden Fenster.\"\n                    src=\"http:\/\/www.burgenkunde.at\/wordpress\/wp-content\/gallery\/klamhof_ooe\/thumbs\/thumbs_Klamhof_Ooe_005.jpg\"\n                    width=\"240\"\n                    height=\"160\"\n                    style=\"max-width:100%;\"\n                \/>\n            <\/a>\n        <\/div>\n\t\t\t\t\t\t\t<\/div> \n\t\t\t\n                                    <br style=\"clear: both\" \/>\n                    \n\t\t\t\t<div id=\"ngg-image-4\" class=\"ngg-gallery-thumbnail-box\" >\n\t\t\t\t        <div class=\"ngg-gallery-thumbnail\">\n            <a href=\"http:\/\/www.burgenkunde.at\/wordpress\/wp-content\/gallery\/klamhof_ooe\/Klamhof_Ooe_006.jpg\"\n               title=\"Das bedeutet, das auch die alte Mauer, die sich diesem Zugang zum Innenhof anschlie\u00dft, bis tief in den Boden reicht und fr\u00fcher mal frei stand.\"\n               data-src=\"http:\/\/www.burgenkunde.at\/wordpress\/wp-content\/gallery\/klamhof_ooe\/Klamhof_Ooe_006.jpg\"\n               data-thumbnail=\"http:\/\/www.burgenkunde.at\/wordpress\/wp-content\/gallery\/klamhof_ooe\/thumbs\/thumbs_Klamhof_Ooe_006.jpg\"\n               data-image-id=\"748\"\n               data-title=\"Das bedeutet, das auch die alte Mauer, die sich diesem Zugang zum Innenhof anschlie\u00dft, bis tief in den Boden reicht und fr\u00fcher mal frei stand.\"\n               data-description=\"Das bedeutet, das auch die alte Mauer, die sich diesem Zugang zum Innenhof anschlie\u00dft, bis tief in den Boden reicht und fr\u00fcher mal frei stand.\"\n               data-image-slug=\"klamhof_ooe_006\"\n               class=\"ngg-fancybox\" rel=\"69c94f0ae13285f4e39ae08e0e019dc2\">\n                <img\n                    title=\"Das bedeutet, das auch die alte Mauer, die sich diesem Zugang zum Innenhof anschlie\u00dft, bis tief in den Boden reicht und fr\u00fcher mal frei stand.\"\n                    alt=\"Das bedeutet, das auch die alte Mauer, die sich diesem Zugang zum Innenhof anschlie\u00dft, bis tief in den Boden reicht und fr\u00fcher mal frei stand.\"\n                    src=\"http:\/\/www.burgenkunde.at\/wordpress\/wp-content\/gallery\/klamhof_ooe\/thumbs\/thumbs_Klamhof_Ooe_006.jpg\"\n                    width=\"240\"\n                    height=\"160\"\n                    style=\"max-width:100%;\"\n                \/>\n            <\/a>\n        <\/div>\n\t\t\t\t\t\t\t<\/div> \n\t\t\t\n                            \n\t\t\t\t<div id=\"ngg-image-5\" class=\"ngg-gallery-thumbnail-box\" >\n\t\t\t\t        <div class=\"ngg-gallery-thumbnail\">\n            <a href=\"http:\/\/www.burgenkunde.at\/wordpress\/wp-content\/gallery\/klamhof_ooe\/Klamhof_Ooe_007.jpg\"\n               title=\"Zugang zum neu adaptierten Wirtschaftsgeb\u00e4ude an der Nordseite mit Steinblo\u00dfmauerwerk.\"\n               data-src=\"http:\/\/www.burgenkunde.at\/wordpress\/wp-content\/gallery\/klamhof_ooe\/Klamhof_Ooe_007.jpg\"\n               data-thumbnail=\"http:\/\/www.burgenkunde.at\/wordpress\/wp-content\/gallery\/klamhof_ooe\/thumbs\/thumbs_Klamhof_Ooe_007.jpg\"\n               data-image-id=\"749\"\n               data-title=\"Zugang zum neu adaptierten Wirtschaftsgeb\u00e4ude an der Nordseite mit Steinblo\u00dfmauerwerk.\"\n               data-description=\"Zugang zum neu adaptierten Wirtschaftsgeb\u00e4ude an der Nordseite mit Steinblo\u00dfmauerwerk.\"\n               data-image-slug=\"klamhof_ooe_007\"\n               class=\"ngg-fancybox\" rel=\"69c94f0ae13285f4e39ae08e0e019dc2\">\n                <img\n                    title=\"Zugang zum neu adaptierten Wirtschaftsgeb\u00e4ude an der Nordseite mit Steinblo\u00dfmauerwerk.\"\n                    alt=\"Zugang zum neu adaptierten Wirtschaftsgeb\u00e4ude an der Nordseite mit Steinblo\u00dfmauerwerk.\"\n                    src=\"http:\/\/www.burgenkunde.at\/wordpress\/wp-content\/gallery\/klamhof_ooe\/thumbs\/thumbs_Klamhof_Ooe_007.jpg\"\n                    width=\"240\"\n                    height=\"160\"\n                    style=\"max-width:100%;\"\n                \/>\n            <\/a>\n        <\/div>\n\t\t\t\t\t\t\t<\/div> \n\t\t\t\n                                    <br style=\"clear: both\" \/>\n                    \n\t\t\t\t<div id=\"ngg-image-6\" class=\"ngg-gallery-thumbnail-box\" >\n\t\t\t\t        <div class=\"ngg-gallery-thumbnail\">\n            <a href=\"http:\/\/www.burgenkunde.at\/wordpress\/wp-content\/gallery\/klamhof_ooe\/Klamhof_Ooe_008.jpg\"\n               title=\"Steintrog, dahinter die tw. immens gro\u00dfen Steine im Mauerwerk.\"\n               data-src=\"http:\/\/www.burgenkunde.at\/wordpress\/wp-content\/gallery\/klamhof_ooe\/Klamhof_Ooe_008.jpg\"\n               data-thumbnail=\"http:\/\/www.burgenkunde.at\/wordpress\/wp-content\/gallery\/klamhof_ooe\/thumbs\/thumbs_Klamhof_Ooe_008.jpg\"\n               data-image-id=\"750\"\n               data-title=\"Steintrog, dahinter die tw. immens gro\u00dfen Steine im Mauerwerk.\"\n               data-description=\"Steintrog, dahinter die tw. immens gro\u00dfen Steine im Mauerwerk.\"\n               data-image-slug=\"klamhof_ooe_008\"\n               class=\"ngg-fancybox\" rel=\"69c94f0ae13285f4e39ae08e0e019dc2\">\n                <img\n                    title=\"Steintrog, dahinter die tw. immens gro\u00dfen Steine im Mauerwerk.\"\n                    alt=\"Steintrog, dahinter die tw. immens gro\u00dfen Steine im Mauerwerk.\"\n                    src=\"http:\/\/www.burgenkunde.at\/wordpress\/wp-content\/gallery\/klamhof_ooe\/thumbs\/thumbs_Klamhof_Ooe_008.jpg\"\n                    width=\"240\"\n                    height=\"160\"\n                    style=\"max-width:100%;\"\n                \/>\n            <\/a>\n        <\/div>\n\t\t\t\t\t\t\t<\/div> \n\t\t\t\n                            \n\t\t\t\t<div id=\"ngg-image-7\" class=\"ngg-gallery-thumbnail-box\" >\n\t\t\t\t        <div class=\"ngg-gallery-thumbnail\">\n            <a href=\"http:\/\/www.burgenkunde.at\/wordpress\/wp-content\/gallery\/klamhof_ooe\/Klamhof_Ooe_009.jpg\"\n               title=\"S\u00fcdseite des Klamhof.\"\n               data-src=\"http:\/\/www.burgenkunde.at\/wordpress\/wp-content\/gallery\/klamhof_ooe\/Klamhof_Ooe_009.jpg\"\n               data-thumbnail=\"http:\/\/www.burgenkunde.at\/wordpress\/wp-content\/gallery\/klamhof_ooe\/thumbs\/thumbs_Klamhof_Ooe_009.jpg\"\n               data-image-id=\"751\"\n               data-title=\"S\u00fcdseite des Klamhof.\"\n               data-description=\"S\u00fcdseite des Klamhof.\"\n               data-image-slug=\"klamhof_ooe_009\"\n               class=\"ngg-fancybox\" rel=\"69c94f0ae13285f4e39ae08e0e019dc2\">\n                <img\n                    title=\"S\u00fcdseite des Klamhof.\"\n                    alt=\"S\u00fcdseite des Klamhof.\"\n                    src=\"http:\/\/www.burgenkunde.at\/wordpress\/wp-content\/gallery\/klamhof_ooe\/thumbs\/thumbs_Klamhof_Ooe_009.jpg\"\n                    width=\"240\"\n                    height=\"160\"\n                    style=\"max-width:100%;\"\n                \/>\n            <\/a>\n        <\/div>\n\t\t\t\t\t\t\t<\/div> \n\t\t\t\n                                    <br style=\"clear: both\" \/>\n                    \n\t\t\t\t<div id=\"ngg-image-8\" class=\"ngg-gallery-thumbnail-box\" >\n\t\t\t\t        <div class=\"ngg-gallery-thumbnail\">\n            <a href=\"http:\/\/www.burgenkunde.at\/wordpress\/wp-content\/gallery\/klamhof_ooe\/Klamhof_Ooe_010.jpg\"\n               title=\"Im wundersch\u00f6n restaurierten Ziegelgew\u00f6lbe k\u00f6nnen private Feiern abgehalten werden. Info bei Fr. Kaindl unter chkaindl@gmx.at\"\n               data-src=\"http:\/\/www.burgenkunde.at\/wordpress\/wp-content\/gallery\/klamhof_ooe\/Klamhof_Ooe_010.jpg\"\n               data-thumbnail=\"http:\/\/www.burgenkunde.at\/wordpress\/wp-content\/gallery\/klamhof_ooe\/thumbs\/thumbs_Klamhof_Ooe_010.jpg\"\n               data-image-id=\"752\"\n               data-title=\"Im wundersch\u00f6n restaurierten Ziegelgew\u00f6lbe k\u00f6nnen private Feiern abgehalten werden. Info bei Fr. Kaindl unter chkaindl@gmx.at\"\n               data-description=\"Im wundersch\u00f6n restaurierten Ziegelgew\u00f6lbe k\u00f6nnen private Feiern abgehalten werden. Info bei Fr. Kaindl unter chkaindl@gmx.at\"\n               data-image-slug=\"klamhof_ooe_010\"\n               class=\"ngg-fancybox\" rel=\"69c94f0ae13285f4e39ae08e0e019dc2\">\n                <img\n                    title=\"Im wundersch\u00f6n restaurierten Ziegelgew\u00f6lbe k\u00f6nnen private Feiern abgehalten werden. Info bei Fr. Kaindl unter chkaindl@gmx.at\"\n                    alt=\"Im wundersch\u00f6n restaurierten Ziegelgew\u00f6lbe k\u00f6nnen private Feiern abgehalten werden. Info bei Fr. Kaindl unter chkaindl@gmx.at\"\n                    src=\"http:\/\/www.burgenkunde.at\/wordpress\/wp-content\/gallery\/klamhof_ooe\/thumbs\/thumbs_Klamhof_Ooe_010.jpg\"\n                    width=\"240\"\n                    height=\"160\"\n                    style=\"max-width:100%;\"\n                \/>\n            <\/a>\n        <\/div>\n\t\t\t\t\t\t\t<\/div> \n\t\t\t\n                            \n\t\t\t\t<div id=\"ngg-image-9\" class=\"ngg-gallery-thumbnail-box\" >\n\t\t\t\t        <div class=\"ngg-gallery-thumbnail\">\n            <a href=\"http:\/\/www.burgenkunde.at\/wordpress\/wp-content\/gallery\/klamhof_ooe\/Klamhof_Ooe_011.jpg\"\n               title=\"Im wundersch\u00f6n restaurierten Ziegelgew\u00f6lbe k\u00f6nnen private Feiern abgehalten werden. Der moderne Kamin und die neue K\u00fcchenzeile stehen zur Verf\u00fcgung. Info bei Fr. Kaindl unter chkaindl@gmx.at\"\n               data-src=\"http:\/\/www.burgenkunde.at\/wordpress\/wp-content\/gallery\/klamhof_ooe\/Klamhof_Ooe_011.jpg\"\n               data-thumbnail=\"http:\/\/www.burgenkunde.at\/wordpress\/wp-content\/gallery\/klamhof_ooe\/thumbs\/thumbs_Klamhof_Ooe_011.jpg\"\n               data-image-id=\"753\"\n               data-title=\"Im wundersch\u00f6n restaurierten Ziegelgew\u00f6lbe k\u00f6nnen private Feiern abgehalten werden. Der moderne Kamin und die neue K\u00fcchenzeile stehen zur Verf\u00fcgung. Info bei Fr. Kaindl unter chkaindl@gmx.at\"\n               data-description=\"Im wundersch\u00f6n restaurierten Ziegelgew\u00f6lbe k\u00f6nnen private Feiern abgehalten werden. Der moderne Kamin und die neue K\u00fcchenzeile stehen zur Verf\u00fcgung. Info bei Fr. Kaindl unter chkaindl@gmx.at\"\n               data-image-slug=\"klamhof_ooe_011\"\n               class=\"ngg-fancybox\" rel=\"69c94f0ae13285f4e39ae08e0e019dc2\">\n                <img\n                    title=\"Im wundersch\u00f6n restaurierten Ziegelgew\u00f6lbe k\u00f6nnen private Feiern abgehalten werden. Der moderne Kamin und die neue K\u00fcchenzeile stehen zur Verf\u00fcgung. Info bei Fr. Kaindl unter chkaindl@gmx.at\"\n                    alt=\"Im wundersch\u00f6n restaurierten Ziegelgew\u00f6lbe k\u00f6nnen private Feiern abgehalten werden. Der moderne Kamin und die neue K\u00fcchenzeile stehen zur Verf\u00fcgung. Info bei Fr. Kaindl unter chkaindl@gmx.at\"\n                    src=\"http:\/\/www.burgenkunde.at\/wordpress\/wp-content\/gallery\/klamhof_ooe\/thumbs\/thumbs_Klamhof_Ooe_011.jpg\"\n                    width=\"240\"\n                    height=\"160\"\n                    style=\"max-width:100%;\"\n                \/>\n            <\/a>\n        <\/div>\n\t\t\t\t\t\t\t<\/div> \n\t\t\t\n                                    <br style=\"clear: both\" \/>\n                    \n\t\t\t\t<div id=\"ngg-image-10\" class=\"ngg-gallery-thumbnail-box\" >\n\t\t\t\t        <div class=\"ngg-gallery-thumbnail\">\n            <a href=\"http:\/\/www.burgenkunde.at\/wordpress\/wp-content\/gallery\/klamhof_ooe\/Klamhof_Ooe_012.jpg\"\n               title=\"Im Nordtrakt befindet sich dieser urige Keller, der fr\u00fcher zur Einlagerung der Feldfr\u00fcchte diente.\"\n               data-src=\"http:\/\/www.burgenkunde.at\/wordpress\/wp-content\/gallery\/klamhof_ooe\/Klamhof_Ooe_012.jpg\"\n               data-thumbnail=\"http:\/\/www.burgenkunde.at\/wordpress\/wp-content\/gallery\/klamhof_ooe\/thumbs\/thumbs_Klamhof_Ooe_012.jpg\"\n               data-image-id=\"754\"\n               data-title=\"Im Nordtrakt befindet sich dieser urige Keller, der fr\u00fcher zur Einlagerung der Feldfr\u00fcchte diente.\"\n               data-description=\"Im Nordtrakt befindet sich dieser urige Keller, der fr\u00fcher zur Einlagerung der Feldfr\u00fcchte diente.\"\n               data-image-slug=\"klamhof_ooe_012\"\n               class=\"ngg-fancybox\" rel=\"69c94f0ae13285f4e39ae08e0e019dc2\">\n                <img\n                    title=\"Im Nordtrakt befindet sich dieser urige Keller, der fr\u00fcher zur Einlagerung der Feldfr\u00fcchte diente.\"\n                    alt=\"Im Nordtrakt befindet sich dieser urige Keller, der fr\u00fcher zur Einlagerung der Feldfr\u00fcchte diente.\"\n                    src=\"http:\/\/www.burgenkunde.at\/wordpress\/wp-content\/gallery\/klamhof_ooe\/thumbs\/thumbs_Klamhof_Ooe_012.jpg\"\n                    width=\"240\"\n                    height=\"160\"\n                    style=\"max-width:100%;\"\n                \/>\n            <\/a>\n        <\/div>\n\t\t\t\t\t\t\t<\/div> \n\t\t\t\n                            \n\t\t\t\t<div id=\"ngg-image-11\" class=\"ngg-gallery-thumbnail-box\" >\n\t\t\t\t        <div class=\"ngg-gallery-thumbnail\">\n            <a href=\"http:\/\/www.burgenkunde.at\/wordpress\/wp-content\/gallery\/klamhof_ooe\/Klamhof_Ooe_013.jpg\"\n               title=\"Im Nordtrakt befindet sich dieser urige Keller, der fr\u00fcher zur Einlagerung der Feldfr\u00fcchte diente.\"\n               data-src=\"http:\/\/www.burgenkunde.at\/wordpress\/wp-content\/gallery\/klamhof_ooe\/Klamhof_Ooe_013.jpg\"\n               data-thumbnail=\"http:\/\/www.burgenkunde.at\/wordpress\/wp-content\/gallery\/klamhof_ooe\/thumbs\/thumbs_Klamhof_Ooe_013.jpg\"\n               data-image-id=\"755\"\n               data-title=\"Im Nordtrakt befindet sich dieser urige Keller, der fr\u00fcher zur Einlagerung der Feldfr\u00fcchte diente.\"\n               data-description=\"Im Nordtrakt befindet sich dieser urige Keller, der fr\u00fcher zur Einlagerung der Feldfr\u00fcchte diente.\"\n               data-image-slug=\"klamhof_ooe_013\"\n               class=\"ngg-fancybox\" rel=\"69c94f0ae13285f4e39ae08e0e019dc2\">\n                <img\n                    title=\"Im Nordtrakt befindet sich dieser urige Keller, der fr\u00fcher zur Einlagerung der Feldfr\u00fcchte diente.\"\n                    alt=\"Im Nordtrakt befindet sich dieser urige Keller, der fr\u00fcher zur Einlagerung der Feldfr\u00fcchte diente.\"\n                    src=\"http:\/\/www.burgenkunde.at\/wordpress\/wp-content\/gallery\/klamhof_ooe\/thumbs\/thumbs_Klamhof_Ooe_013.jpg\"\n                    width=\"240\"\n                    height=\"160\"\n                    style=\"max-width:100%;\"\n                \/>\n            <\/a>\n        <\/div>\n\t\t\t\t\t\t\t<\/div> \n\t\t\t\n                                    <br style=\"clear: both\" \/>\n                    \n\t\t\t\t<div id=\"ngg-image-12\" class=\"ngg-gallery-thumbnail-box\" >\n\t\t\t\t        <div class=\"ngg-gallery-thumbnail\">\n            <a href=\"http:\/\/www.burgenkunde.at\/wordpress\/wp-content\/gallery\/klamhof_ooe\/Klamhof_Ooe_014.jpg\"\n               title=\"Der lt. den Besitzern \u00e4lteste Teil der Anlage stellt die heutige Mauer an der S\u00fcdostseite dar. Hier ist noch eine der beiden quergestellten Schlitzscharten vorhanden, von denen eine leider bei Umbauarbeiten im 20. Jhdt. verloren ging.\"\n               data-src=\"http:\/\/www.burgenkunde.at\/wordpress\/wp-content\/gallery\/klamhof_ooe\/Klamhof_Ooe_014.jpg\"\n               data-thumbnail=\"http:\/\/www.burgenkunde.at\/wordpress\/wp-content\/gallery\/klamhof_ooe\/thumbs\/thumbs_Klamhof_Ooe_014.jpg\"\n               data-image-id=\"756\"\n               data-title=\"Der lt. den Besitzern \u00e4lteste Teil der Anlage stellt die heutige Mauer an der S\u00fcdostseite dar. Hier ist noch eine der beiden quergestellten Schlitzscharten vorhanden, von denen eine leider bei Umbauarbeiten im 20. Jhdt. verloren ging.\"\n               data-description=\"Der lt. den Besitzern \u00e4lteste Teil der Anlage stellt die heutige Mauer an der S\u00fcdostseite dar. Hier ist noch eine der beiden quergestellten Schlitzscharten vorhanden, von denen eine leider bei Umbauarbeiten im 20. Jhdt. verloren ging.\"\n               data-image-slug=\"klamhof_ooe_014\"\n               class=\"ngg-fancybox\" rel=\"69c94f0ae13285f4e39ae08e0e019dc2\">\n                <img\n                    title=\"Der lt. den Besitzern \u00e4lteste Teil der Anlage stellt die heutige Mauer an der S\u00fcdostseite dar. Hier ist noch eine der beiden quergestellten Schlitzscharten vorhanden, von denen eine leider bei Umbauarbeiten im 20. Jhdt. verloren ging.\"\n                    alt=\"Der lt. den Besitzern \u00e4lteste Teil der Anlage stellt die heutige Mauer an der S\u00fcdostseite dar. Hier ist noch eine der beiden quergestellten Schlitzscharten vorhanden, von denen eine leider bei Umbauarbeiten im 20. Jhdt. verloren ging.\"\n                    src=\"http:\/\/www.burgenkunde.at\/wordpress\/wp-content\/gallery\/klamhof_ooe\/thumbs\/thumbs_Klamhof_Ooe_014.jpg\"\n                    width=\"240\"\n                    height=\"160\"\n                    style=\"max-width:100%;\"\n                \/>\n            <\/a>\n        <\/div>\n\t\t\t\t\t\t\t<\/div> \n\t\t\t\n                            \n\t\t\t\t<div id=\"ngg-image-13\" class=\"ngg-gallery-thumbnail-box\" >\n\t\t\t\t        <div class=\"ngg-gallery-thumbnail\">\n            <a href=\"http:\/\/www.burgenkunde.at\/wordpress\/wp-content\/gallery\/klamhof_ooe\/Klamhof_Ooe_015.jpg\"\n               title=\"Hier die letzte der einst sicherlich mehrfach vorhanden gewesenen quergestellten Schlitzscharten in der Mauer an der S\u00fcdostseite.\"\n               data-src=\"http:\/\/www.burgenkunde.at\/wordpress\/wp-content\/gallery\/klamhof_ooe\/Klamhof_Ooe_015.jpg\"\n               data-thumbnail=\"http:\/\/www.burgenkunde.at\/wordpress\/wp-content\/gallery\/klamhof_ooe\/thumbs\/thumbs_Klamhof_Ooe_015.jpg\"\n               data-image-id=\"757\"\n               data-title=\"Hier die letzte der einst sicherlich mehrfach vorhanden gewesenen quergestellten Schlitzscharten in der Mauer an der S\u00fcdostseite.\"\n               data-description=\"Hier die letzte der einst sicherlich mehrfach vorhanden gewesenen quergestellten Schlitzscharten in der Mauer an der S\u00fcdostseite.\"\n               data-image-slug=\"klamhof_ooe_015\"\n               class=\"ngg-fancybox\" rel=\"69c94f0ae13285f4e39ae08e0e019dc2\">\n                <img\n                    title=\"Hier die letzte der einst sicherlich mehrfach vorhanden gewesenen quergestellten Schlitzscharten in der Mauer an der S\u00fcdostseite.\"\n                    alt=\"Hier die letzte der einst sicherlich mehrfach vorhanden gewesenen quergestellten Schlitzscharten in der Mauer an der S\u00fcdostseite.\"\n                    src=\"http:\/\/www.burgenkunde.at\/wordpress\/wp-content\/gallery\/klamhof_ooe\/thumbs\/thumbs_Klamhof_Ooe_015.jpg\"\n                    width=\"240\"\n                    height=\"160\"\n                    style=\"max-width:100%;\"\n                \/>\n            <\/a>\n        <\/div>\n\t\t\t\t\t\t\t<\/div> \n\t\t\t\n                                    <br style=\"clear: both\" \/>\n                    \n\t\t\t\t<div id=\"ngg-image-14\" class=\"ngg-gallery-thumbnail-box\" >\n\t\t\t\t        <div class=\"ngg-gallery-thumbnail\">\n            <a href=\"http:\/\/www.burgenkunde.at\/wordpress\/wp-content\/gallery\/klamhof_ooe\/Klamhof_Ooe_016.jpg\"\n               title=\"An die Mauer mit der Schlitzscharte schlie\u00dft sich ein ebenerdig erhaltenes Geb\u00e4ude an. Es vermittelt noch einen sehr urt\u00fcmlichen Eindruck.\"\n               data-src=\"http:\/\/www.burgenkunde.at\/wordpress\/wp-content\/gallery\/klamhof_ooe\/Klamhof_Ooe_016.jpg\"\n               data-thumbnail=\"http:\/\/www.burgenkunde.at\/wordpress\/wp-content\/gallery\/klamhof_ooe\/thumbs\/thumbs_Klamhof_Ooe_016.jpg\"\n               data-image-id=\"758\"\n               data-title=\"An die Mauer mit der Schlitzscharte schlie\u00dft sich ein ebenerdig erhaltenes Geb\u00e4ude an. Es vermittelt noch einen sehr urt\u00fcmlichen Eindruck.\"\n               data-description=\"An die Mauer mit der Schlitzscharte schlie\u00dft sich ein ebenerdig erhaltenes Geb\u00e4ude an. Es vermittelt noch einen sehr urt\u00fcmlichen Eindruck.\"\n               data-image-slug=\"klamhof_ooe_016\"\n               class=\"ngg-fancybox\" rel=\"69c94f0ae13285f4e39ae08e0e019dc2\">\n                <img\n                    title=\"An die Mauer mit der Schlitzscharte schlie\u00dft sich ein ebenerdig erhaltenes Geb\u00e4ude an. Es vermittelt noch einen sehr urt\u00fcmlichen Eindruck.\"\n                    alt=\"An die Mauer mit der Schlitzscharte schlie\u00dft sich ein ebenerdig erhaltenes Geb\u00e4ude an. Es vermittelt noch einen sehr urt\u00fcmlichen Eindruck.\"\n                    src=\"http:\/\/www.burgenkunde.at\/wordpress\/wp-content\/gallery\/klamhof_ooe\/thumbs\/thumbs_Klamhof_Ooe_016.jpg\"\n                    width=\"240\"\n                    height=\"160\"\n                    style=\"max-width:100%;\"\n                \/>\n            <\/a>\n        <\/div>\n\t\t\t\t\t\t\t<\/div> \n\t\t\t\n                            \n\t\t\t\t<div id=\"ngg-image-15\" class=\"ngg-gallery-thumbnail-box\" >\n\t\t\t\t        <div class=\"ngg-gallery-thumbnail\">\n            <a href=\"http:\/\/www.burgenkunde.at\/wordpress\/wp-content\/gallery\/klamhof_ooe\/Klamhof_Ooe_017.jpg\"\n               title=\"Dieser Zugang mit abgefasten Steingew\u00e4nde liegt heute in ca. 1,5 m H\u00f6he.\"\n               data-src=\"http:\/\/www.burgenkunde.at\/wordpress\/wp-content\/gallery\/klamhof_ooe\/Klamhof_Ooe_017.jpg\"\n               data-thumbnail=\"http:\/\/www.burgenkunde.at\/wordpress\/wp-content\/gallery\/klamhof_ooe\/thumbs\/thumbs_Klamhof_Ooe_017.jpg\"\n               data-image-id=\"759\"\n               data-title=\"Dieser Zugang mit abgefasten Steingew\u00e4nde liegt heute in ca. 1,5 m H\u00f6he.\"\n               data-description=\"Dieser Zugang mit abgefasten Steingew\u00e4nde liegt heute in ca. 1,5 m H\u00f6he.\"\n               data-image-slug=\"klamhof_ooe_017\"\n               class=\"ngg-fancybox\" rel=\"69c94f0ae13285f4e39ae08e0e019dc2\">\n                <img\n                    title=\"Dieser Zugang mit abgefasten Steingew\u00e4nde liegt heute in ca. 1,5 m H\u00f6he.\"\n                    alt=\"Dieser Zugang mit abgefasten Steingew\u00e4nde liegt heute in ca. 1,5 m H\u00f6he.\"\n                    src=\"http:\/\/www.burgenkunde.at\/wordpress\/wp-content\/gallery\/klamhof_ooe\/thumbs\/thumbs_Klamhof_Ooe_017.jpg\"\n                    width=\"240\"\n                    height=\"160\"\n                    style=\"max-width:100%;\"\n                \/>\n            <\/a>\n        <\/div>\n\t\t\t\t\t\t\t<\/div> \n\t\t\t\n                                    <br style=\"clear: both\" \/>\n                    \n\t\t\t\t<div id=\"ngg-image-16\" class=\"ngg-gallery-thumbnail-box\" >\n\t\t\t\t        <div class=\"ngg-gallery-thumbnail\">\n            <a href=\"http:\/\/www.burgenkunde.at\/wordpress\/wp-content\/gallery\/klamhof_ooe\/Klamhof_Ooe_018.jpg\"\n               title=\"Dieser Zugang mit abgefasten Steingew\u00e4nde liegt heute in ca. 1,5 m H\u00f6he. Die T\u00fcrschwelle d\u00fcrfte nicht mehr original sein.\"\n               data-src=\"http:\/\/www.burgenkunde.at\/wordpress\/wp-content\/gallery\/klamhof_ooe\/Klamhof_Ooe_018.jpg\"\n               data-thumbnail=\"http:\/\/www.burgenkunde.at\/wordpress\/wp-content\/gallery\/klamhof_ooe\/thumbs\/thumbs_Klamhof_Ooe_018.jpg\"\n               data-image-id=\"760\"\n               data-title=\"Dieser Zugang mit abgefasten Steingew\u00e4nde liegt heute in ca. 1,5 m H\u00f6he. Die T\u00fcrschwelle d\u00fcrfte nicht mehr original sein.\"\n               data-description=\"Dieser Zugang mit abgefasten Steingew\u00e4nde liegt heute in ca. 1,5 m H\u00f6he. Die T\u00fcrschwelle d\u00fcrfte nicht mehr original sein.\"\n               data-image-slug=\"klamhof_ooe_018\"\n               class=\"ngg-fancybox\" rel=\"69c94f0ae13285f4e39ae08e0e019dc2\">\n                <img\n                    title=\"Dieser Zugang mit abgefasten Steingew\u00e4nde liegt heute in ca. 1,5 m H\u00f6he. Die T\u00fcrschwelle d\u00fcrfte nicht mehr original sein.\"\n                    alt=\"Dieser Zugang mit abgefasten Steingew\u00e4nde liegt heute in ca. 1,5 m H\u00f6he. Die T\u00fcrschwelle d\u00fcrfte nicht mehr original sein.\"\n                    src=\"http:\/\/www.burgenkunde.at\/wordpress\/wp-content\/gallery\/klamhof_ooe\/thumbs\/thumbs_Klamhof_Ooe_018.jpg\"\n                    width=\"240\"\n                    height=\"160\"\n                    style=\"max-width:100%;\"\n                \/>\n            <\/a>\n        <\/div>\n\t\t\t\t\t\t\t<\/div> \n\t\t\t\n                            \n\t\t\t\t<div id=\"ngg-image-17\" class=\"ngg-gallery-thumbnail-box\" >\n\t\t\t\t        <div class=\"ngg-gallery-thumbnail\">\n            <a href=\"http:\/\/www.burgenkunde.at\/wordpress\/wp-content\/gallery\/klamhof_ooe\/Klamhof_Ooe_019.jpg\"\n               title=\"Die malerisch umrankten alten Mauern mit den kleinen Fenstern vermitteln einen Eindruck davon, wie dieses Geb\u00e4ude einst ausgesehen haben mag.\"\n               data-src=\"http:\/\/www.burgenkunde.at\/wordpress\/wp-content\/gallery\/klamhof_ooe\/Klamhof_Ooe_019.jpg\"\n               data-thumbnail=\"http:\/\/www.burgenkunde.at\/wordpress\/wp-content\/gallery\/klamhof_ooe\/thumbs\/thumbs_Klamhof_Ooe_019.jpg\"\n               data-image-id=\"761\"\n               data-title=\"Die malerisch umrankten alten Mauern mit den kleinen Fenstern vermitteln einen Eindruck davon, wie dieses Geb\u00e4ude einst ausgesehen haben mag.\"\n               data-description=\"Die malerisch umrankten alten Mauern mit den kleinen Fenstern vermitteln einen Eindruck davon, wie dieses Geb\u00e4ude einst ausgesehen haben mag.\"\n               data-image-slug=\"klamhof_ooe_019\"\n               class=\"ngg-fancybox\" rel=\"69c94f0ae13285f4e39ae08e0e019dc2\">\n                <img\n                    title=\"Die malerisch umrankten alten Mauern mit den kleinen Fenstern vermitteln einen Eindruck davon, wie dieses Geb\u00e4ude einst ausgesehen haben mag.\"\n                    alt=\"Die malerisch umrankten alten Mauern mit den kleinen Fenstern vermitteln einen Eindruck davon, wie dieses Geb\u00e4ude einst ausgesehen haben mag.\"\n                    src=\"http:\/\/www.burgenkunde.at\/wordpress\/wp-content\/gallery\/klamhof_ooe\/thumbs\/thumbs_Klamhof_Ooe_019.jpg\"\n                    width=\"240\"\n                    height=\"160\"\n                    style=\"max-width:100%;\"\n                \/>\n            <\/a>\n        <\/div>\n\t\t\t\t\t\t\t<\/div> \n\t\t\t\n                                    <br style=\"clear: both\" \/>\n                    \n\t\t\t\t<div id=\"ngg-image-18\" class=\"ngg-gallery-thumbnail-box\" >\n\t\t\t\t        <div class=\"ngg-gallery-thumbnail\">\n            <a href=\"http:\/\/www.burgenkunde.at\/wordpress\/wp-content\/gallery\/klamhof_ooe\/Klamhof_Ooe_020.jpg\"\n               title=\"Der Abgang in den Keller zeigt eine rundliche Ausbuchtung links an. Die stammt angeblich davon, das hier einst gro\u00dfe Mostf\u00e4sser in den Keller und wieder herauf gebracht wurden. Um durch die T\u00fcr zu passen, wurde angeblich diese Ausbuchtung gemacht.\"\n               data-src=\"http:\/\/www.burgenkunde.at\/wordpress\/wp-content\/gallery\/klamhof_ooe\/Klamhof_Ooe_020.jpg\"\n               data-thumbnail=\"http:\/\/www.burgenkunde.at\/wordpress\/wp-content\/gallery\/klamhof_ooe\/thumbs\/thumbs_Klamhof_Ooe_020.jpg\"\n               data-image-id=\"762\"\n               data-title=\"Der Abgang in den Keller zeigt eine rundliche Ausbuchtung links an. Die stammt angeblich davon, das hier einst gro\u00dfe Mostf\u00e4sser in den Keller und wieder herauf gebracht wurden. Um durch die T\u00fcr zu passen, wurde angeblich diese Ausbuchtung gemacht.\"\n               data-description=\"Der Abgang in den Keller zeigt eine rundliche Ausbuchtung links an. Die stammt angeblich davon, das hier einst gro\u00dfe Mostf\u00e4sser in den Keller und wieder herauf gebracht wurden. Um durch die T\u00fcr zu passen, wurde angeblich diese Ausbuchtung gemacht.\"\n               data-image-slug=\"klamhof_ooe_020\"\n               class=\"ngg-fancybox\" rel=\"69c94f0ae13285f4e39ae08e0e019dc2\">\n                <img\n                    title=\"Der Abgang in den Keller zeigt eine rundliche Ausbuchtung links an. Die stammt angeblich davon, das hier einst gro\u00dfe Mostf\u00e4sser in den Keller und wieder herauf gebracht wurden. Um durch die T\u00fcr zu passen, wurde angeblich diese Ausbuchtung gemacht.\"\n                    alt=\"Der Abgang in den Keller zeigt eine rundliche Ausbuchtung links an. Die stammt angeblich davon, das hier einst gro\u00dfe Mostf\u00e4sser in den Keller und wieder herauf gebracht wurden. Um durch die T\u00fcr zu passen, wurde angeblich diese Ausbuchtung gemacht.\"\n                    src=\"http:\/\/www.burgenkunde.at\/wordpress\/wp-content\/gallery\/klamhof_ooe\/thumbs\/thumbs_Klamhof_Ooe_020.jpg\"\n                    width=\"240\"\n                    height=\"160\"\n                    style=\"max-width:100%;\"\n                \/>\n            <\/a>\n        <\/div>\n\t\t\t\t\t\t\t<\/div> \n\t\t\t\n                            \n\t\t\t\t<div id=\"ngg-image-19\" class=\"ngg-gallery-thumbnail-box\" >\n\t\t\t\t        <div class=\"ngg-gallery-thumbnail\">\n            <a href=\"http:\/\/www.burgenkunde.at\/wordpress\/wp-content\/gallery\/klamhof_ooe\/Klamhof_Festefeiern_01.jpg\"\n               title=\"Im wundersch\u00f6n restaurierten Ziegelgew\u00f6lbe k\u00f6nnen private Feiern abgehalten werden. Der moderne Kamin und die neue K\u00fcchenzeile stehen zur Verf\u00fcgung. Info bei Fr. Kaindl unter chkaindl@gmx.at\"\n               data-src=\"http:\/\/www.burgenkunde.at\/wordpress\/wp-content\/gallery\/klamhof_ooe\/Klamhof_Festefeiern_01.jpg\"\n               data-thumbnail=\"http:\/\/www.burgenkunde.at\/wordpress\/wp-content\/gallery\/klamhof_ooe\/thumbs\/thumbs_Klamhof_Festefeiern_01.jpg\"\n               data-image-id=\"846\"\n               data-title=\"Im wundersch\u00f6n restaurierten Ziegelgew\u00f6lbe k\u00f6nnen private Feiern abgehalten werden. Der moderne Kamin und die neue K\u00fcchenzeile stehen zur Verf\u00fcgung. Info bei Fr. Kaindl unter chkaindl@gmx.at\"\n               data-description=\"Im wundersch\u00f6n restaurierten Ziegelgew\u00f6lbe k\u00f6nnen private Feiern abgehalten werden. Der moderne Kamin und die neue K\u00fcchenzeile stehen zur Verf\u00fcgung. Info bei Fr. Kaindl unter chkaindl@gmx.at\"\n               data-image-slug=\"klamhof_festefeiern_01\"\n               class=\"ngg-fancybox\" rel=\"69c94f0ae13285f4e39ae08e0e019dc2\">\n                <img\n                    title=\"Im wundersch\u00f6n restaurierten Ziegelgew\u00f6lbe k\u00f6nnen private Feiern abgehalten werden. Der moderne Kamin und die neue K\u00fcchenzeile stehen zur Verf\u00fcgung. Info bei Fr. Kaindl unter chkaindl@gmx.at\"\n                    alt=\"Im wundersch\u00f6n restaurierten Ziegelgew\u00f6lbe k\u00f6nnen private Feiern abgehalten werden. Der moderne Kamin und die neue K\u00fcchenzeile stehen zur Verf\u00fcgung. Info bei Fr. Kaindl unter chkaindl@gmx.at\"\n                    src=\"http:\/\/www.burgenkunde.at\/wordpress\/wp-content\/gallery\/klamhof_ooe\/thumbs\/thumbs_Klamhof_Festefeiern_01.jpg\"\n                    width=\"240\"\n                    height=\"160\"\n                    style=\"max-width:100%;\"\n                \/>\n            <\/a>\n        <\/div>\n\t\t\t\t\t\t\t<\/div> \n\t\t\t\n                                    <br style=\"clear: both\" \/>\n                    \n\t\t\n\t\t<!-- Pagination -->\n\t<div class='ngg-navigation'><span class='current'>1<\/span>\n<a class='page-numbers' data-pageid='2' href='http:\/\/www.burgenkunde.at\/wordpress\/2016\/12\/18\/klamhof-in-pergkirchen-ooe\/nggallery\/page\/2'>2<\/a>\n<a class='prev' href='http:\/\/www.burgenkunde.at\/wordpress\/2016\/12\/18\/klamhof-in-pergkirchen-ooe\/nggallery\/page\/2' data-pageid=2>&#9658;<\/a><\/div>\t<\/div>\n\n","protected":false},"excerpt":{"rendered":"<p>Der Klamhof in Pergkirchen Die Geschichte des Klamhof in Pergkirchen reicht weit in die Vergangenheit&nbsp;zur\u00fcck. Der Hof liegt etwas erh\u00f6ht auf einer Niederterrasse \u00fcber den einstigen Augebieten \u00f6stlich von Perg am linken Donauufer. Das hier schon immer gerne gesiedelt wurde,&hellip; <\/p>\n","protected":false},"author":1,"featured_media":2734,"comment_status":"open","ping_status":"open","sticky":false,"template":"","format":"standard","meta":{"_mi_skip_tracking":false,"ngg_post_thumbnail":0},"categories":[210],"tags":[208,206,204,207,205,209],"acf":[],"_links":{"self":[{"href":"http:\/\/www.burgenkunde.at\/wordpress\/wp-json\/wp\/v2\/posts\/2798"}],"collection":[{"href":"http:\/\/www.burgenkunde.at\/wordpress\/wp-json\/wp\/v2\/posts"}],"about":[{"href":"http:\/\/www.burgenkunde.at\/wordpress\/wp-json\/wp\/v2\/types\/post"}],"author":[{"embeddable":true,"href":"http:\/\/www.burgenkunde.at\/wordpress\/wp-json\/wp\/v2\/users\/1"}],"replies":[{"embeddable":true,"href":"http:\/\/www.burgenkunde.at\/wordpress\/wp-json\/wp\/v2\/comments?post=2798"}],"version-history":[{"count":11,"href":"http:\/\/www.burgenkunde.at\/wordpress\/wp-json\/wp\/v2\/posts\/2798\/revisions"}],"predecessor-version":[{"id":3100,"href":"http:\/\/www.burgenkunde.at\/wordpress\/wp-json\/wp\/v2\/posts\/2798\/revisions\/3100"}],"wp:featuredmedia":[{"embeddable":true,"href":"http:\/\/www.burgenkunde.at\/wordpress\/wp-json\/wp\/v2\/media\/2734"}],"wp:attachment":[{"href":"http:\/\/www.burgenkunde.at\/wordpress\/wp-json\/wp\/v2\/media?parent=2798"}],"wp:term":[{"taxonomy":"category","embeddable":true,"href":"http:\/\/www.burgenkunde.at\/wordpress\/wp-json\/wp\/v2\/categories?post=2798"},{"taxonomy":"post_tag","embeddable":true,"href":"http:\/\/www.burgenkunde.at\/wordpress\/wp-json\/wp\/v2\/tags?post=2798"}],"curies":[{"name":"wp","href":"https:\/\/api.w.org\/{rel}","templated":true}]}}